{"id":2224,"date":"2026-08-31T16:02:36","date_gmt":"2026-08-31T14:02:36","guid":{"rendered":"https:\/\/fondation-et12.org\/?p=2224"},"modified":"2026-08-31T16:02:37","modified_gmt":"2026-08-31T14:02:37","slug":"une-journee-dapprentissage-de-decouverte-et-de-detente","status":"publish","type":"post","link":"https:\/\/fondation-et12.org\/en\/une-journee-dapprentissage-de-decouverte-et-de-detente\/","title":{"rendered":"Une journ\u00e9e d\u2019apprentissage, de d\u00e9couverte et de d\u00e9tente"},"content":{"rendered":"\n<p>Une journ\u00e9e d\u2019apprentissage, de d\u00e9couverte et de d\u00e9tente<\/p>\n\n\n\n<p>Le samedi 22 ao\u00fbt, les b\u00e9n\u00e9ficiaires de notre projet de scolarisation, Noonglom, ont particip\u00e9 \u00e0 leur sortie annuelle \u00e9ducative et de d\u00e9couverte.<\/p>\n\n\n\n<p>Au programme : une visite de courtoisie au Moogho Naaba, la d\u00e9couverte du M\u00e9morial Thomas Sankara, puis une immersion au Mus\u00e9e national.<\/p>\n\n\n\n<p>Une belle occasion pour nos b\u00e9n\u00e9ficiaires d\u2019apprendre autrement, de mieux conna\u00eetre leur histoire et leur patrimoine, tout en partageant des moments enrichissants.<\/p>\n\n\n\n<p>Parce que l\u2019\u00e9ducation, c\u2019est aussi apprendre \u00e0 travers la d\u00e9couverte !<\/p>\n\n\n\n<p><a href=\"https:\/\/www.facebook.com\/hashtag\/fondationedmondtapsoba?__cft__[0]=AZZq0oe45UXmOJspsKSh9bYdGE9R7X6EroPKg2q1DYieLokAOt4hpFXuB4cT8EKfcY_P7YQojw2TPHqmKRf7-ZIk4B8TQ7ZESobtH8c8TzIrfEfDmsEPnevufKm559vvZCNTaEslxhr83Gra3vLt9NHleZmhxHMwEe6laq9V8uBSlArpzR6gc0XEupWQCHs7X54FJh9pbWRdL1luL_LVuVER&amp;__tn__=*NK-R\">#FondationEdmondTapsoba<\/a>, <a href=\"https:\/\/www.facebook.com\/hashtag\/noonglom?__cft__[0]=AZZq0oe45UXmOJspsKSh9bYdGE9R7X6EroPKg2q1DYieLokAOt4hpFXuB4cT8EKfcY_P7YQojw2TPHqmKRf7-ZIk4B8TQ7ZESobtH8c8TzIrfEfDmsEPnevufKm559vvZCNTaEslxhr83Gra3vLt9NHleZmhxHMwEe6laq9V8uBSlArpzR6gc0XEupWQCHs7X54FJh9pbWRdL1luL_LVuVER&amp;__tn__=*NK-R\">#Noonglom<\/a>#Education, <a href=\"https:\/\/www.facebook.com\/hashtag\/patrimoine?__cft__[0]=AZZq0oe45UXmOJspsKSh9bYdGE9R7X6EroPKg2q1DYieLokAOt4hpFXuB4cT8EKfcY_P7YQojw2TPHqmKRf7-ZIk4B8TQ7ZESobtH8c8TzIrfEfDmsEPnevufKm559vvZCNTaEslxhr83Gra3vLt9NHleZmhxHMwEe6laq9V8uBSlArpzR6gc0XEupWQCHs7X54FJh9pbWRdL1luL_LVuVER&amp;__tn__=*NK-R\">#Patrimoine<\/a>, <a href=\"https:\/\/www.facebook.com\/hashtag\/d%C3%A9couverte?__cft__[0]=AZZq0oe45UXmOJspsKSh9bYdGE9R7X6EroPKg2q1DYieLokAOt4hpFXuB4cT8EKfcY_P7YQojw2TPHqmKRf7-ZIk4B8TQ7ZESobtH8c8TzIrfEfDmsEPnevufKm559vvZCNTaEslxhr83Gra3vLt9NHleZmhxHMwEe6laq9V8uBSlArpzR6gc0XEupWQCHs7X54FJh9pbWRdL1luL_LVuVER&amp;__tn__=*NK-R\">#D\u00e9couverte<\/a>.<\/p>\n\n\n\n<figure class=\"wp-block-image size-large is-resized\"><img fetchpriority=\"high\" decoding=\"async\" width=\"1024\" height=\"768\" src=\"https:\/\/fondation-et12.org\/wp-content\/uploads\/2026\/08\/1-4-1024x768.jpg\" alt=\"\" class=\"wp-image-2225\" style=\"width:403px;height:auto\" srcset=\"https:\/\/fondation-et12.org\/wp-content\/uploads\/2026\/08\/1-4-1024x768.jpg 1024w, https:\/\/fondation-et12.org\/wp-content\/uploads\/2026\/08\/1-4-300x225.jpg 300w, https:\/\/fondation-et12.org\/wp-content\/uploads\/2026\/08\/1-4-768x576.jpg 768w, https:\/\/fondation-et12.org\/wp-content\/uploads\/2026\/08\/1-4-1536x1152.jpg 1536w, https:\/\/fondation-et12.org\/wp-content\/uploads\/2026\/08\/1-4-16x12.jpg 16w, https:\/\/fondation-et12.org\/wp-content\/uploads\/2026\/08\/1-4.jpg 2048w\" sizes=\"(max-width: 1024px) 100vw, 1024px\" \/><\/figure>\n\n\n\n<figure class=\"wp-block-image size-large is-resized\"><img decoding=\"async\" width=\"1024\" height=\"682\" src=\"https:\/\/fondation-et12.org\/wp-content\/uploads\/2026\/08\/3-4-1024x682.jpg\" alt=\"\" class=\"wp-image-2226\" style=\"width:408px;height:auto\" srcset=\"https:\/\/fondation-et12.org\/wp-content\/uploads\/2026\/08\/3-4-1024x682.jpg 1024w, https:\/\/fondation-et12.org\/wp-content\/uploads\/2026\/08\/3-4-300x200.jpg 300w, https:\/\/fondation-et12.org\/wp-content\/uploads\/2026\/08\/3-4-768x512.jpg 768w, https:\/\/fondation-et12.org\/wp-content\/uploads\/2026\/08\/3-4-1536x1023.jpg 1536w, https:\/\/fondation-et12.org\/wp-content\/uploads\/2026\/08\/3-4-18x12.jpg 18w, https:\/\/fondation-et12.org\/wp-content\/uploads\/2026\/08\/3-4.jpg 1600w\" sizes=\"(max-width: 1024px) 100vw, 1024px\" \/><\/figure>\n\n\n\n<figure class=\"wp-block-image size-large is-resized\"><img decoding=\"async\" width=\"1024\" height=\"682\" src=\"https:\/\/fondation-et12.org\/wp-content\/uploads\/2026\/08\/5-1-1024x682.jpg\" alt=\"\" class=\"wp-image-2227\" style=\"width:411px;height:auto\" srcset=\"https:\/\/fondation-et12.org\/wp-content\/uploads\/2026\/08\/5-1-1024x682.jpg 1024w, https:\/\/fondation-et12.org\/wp-content\/uploads\/2026\/08\/5-1-300x200.jpg 300w, https:\/\/fondation-et12.org\/wp-content\/uploads\/2026\/08\/5-1-768x512.jpg 768w, https:\/\/fondation-et12.org\/wp-content\/uploads\/2026\/08\/5-1-1536x1023.jpg 1536w, https:\/\/fondation-et12.org\/wp-content\/uploads\/2026\/08\/5-1-18x12.jpg 18w, https:\/\/fondation-et12.org\/wp-content\/uploads\/2026\/08\/5-1.jpg 1600w\" sizes=\"(max-width: 1024px) 100vw, 1024px\" \/><\/figure>\n\n\n\n<figure class=\"wp-block-image size-large is-resized\"><img loading=\"lazy\" decoding=\"async\" width=\"1024\" height=\"682\" src=\"https:\/\/fondation-et12.org\/wp-content\/uploads\/2026\/08\/6-1-1024x682.jpg\" alt=\"\" class=\"wp-image-2228\" style=\"width:412px;height:auto\" srcset=\"https:\/\/fondation-et12.org\/wp-content\/uploads\/2026\/08\/6-1-1024x682.jpg 1024w, https:\/\/fondation-et12.org\/wp-content\/uploads\/2026\/08\/6-1-300x200.jpg 300w, https:\/\/fondation-et12.org\/wp-content\/uploads\/2026\/08\/6-1-768x512.jpg 768w, https:\/\/fondation-et12.org\/wp-content\/uploads\/2026\/08\/6-1-1536x1023.jpg 1536w, https:\/\/fondation-et12.org\/wp-content\/uploads\/2026\/08\/6-1-18x12.jpg 18w, https:\/\/fondation-et12.org\/wp-content\/uploads\/2026\/08\/6-1.jpg 1600w\" sizes=\"(max-width: 1024px) 100vw, 1024px\" \/><\/figure>\n\n\n\n<figure class=\"wp-block-image size-large is-resized\"><img loading=\"lazy\" decoding=\"async\" width=\"1024\" height=\"768\" src=\"https:\/\/fondation-et12.org\/wp-content\/uploads\/2026\/08\/7-1-1024x768.jpg\" alt=\"\" class=\"wp-image-2229\" style=\"width:416px;height:auto\" srcset=\"https:\/\/fondation-et12.org\/wp-content\/uploads\/2026\/08\/7-1-1024x768.jpg 1024w, https:\/\/fondation-et12.org\/wp-content\/uploads\/2026\/08\/7-1-300x225.jpg 300w, https:\/\/fondation-et12.org\/wp-content\/uploads\/2026\/08\/7-1-768x576.jpg 768w, https:\/\/fondation-et12.org\/wp-content\/uploads\/2026\/08\/7-1-1536x1152.jpg 1536w, https:\/\/fondation-et12.org\/wp-content\/uploads\/2026\/08\/7-1-16x12.jpg 16w, https:\/\/fondation-et12.org\/wp-content\/uploads\/2026\/08\/7-1.jpg 2048w\" sizes=\"(max-width: 1024px) 100vw, 1024px\" \/><\/figure>\n\n\n\n<figure class=\"wp-block-image size-large is-resized\"><img loading=\"lazy\" decoding=\"async\" width=\"1024\" height=\"768\" src=\"https:\/\/fondation-et12.org\/wp-content\/uploads\/2026\/08\/9-1024x768.jpg\" alt=\"\" class=\"wp-image-2230\" style=\"width:417px;height:auto\" srcset=\"https:\/\/fondation-et12.org\/wp-content\/uploads\/2026\/08\/9-1024x768.jpg 1024w, https:\/\/fondation-et12.org\/wp-content\/uploads\/2026\/08\/9-300x225.jpg 300w, https:\/\/fondation-et12.org\/wp-content\/uploads\/2026\/08\/9-768x576.jpg 768w, https:\/\/fondation-et12.org\/wp-content\/uploads\/2026\/08\/9-1536x1152.jpg 1536w, https:\/\/fondation-et12.org\/wp-content\/uploads\/2026\/08\/9-16x12.jpg 16w, https:\/\/fondation-et12.org\/wp-content\/uploads\/2026\/08\/9.jpg 2048w\" sizes=\"(max-width: 1024px) 100vw, 1024px\" \/><\/figure>\n\n\n\n<p><\/p>\n","protected":false},"excerpt":{"rendered":"<p>Une journ\u00e9e d\u2019apprentissage, de d\u00e9couverte et de d\u00e9tente Le samedi 22 ao\u00fbt, les b\u00e9n\u00e9ficiaires de notre projet de scolarisation, Noonglom, ont particip\u00e9 \u00e0 leur sortie annuelle \u00e9ducative et de d\u00e9couverte. Au programme : une visite de courtoisie au Moogho Naaba, la d\u00e9couverte du M\u00e9morial Thomas Sankara, puis une immersion au Mus\u00e9e national. Une belle occasion pour nos b\u00e9n\u00e9ficiaires d\u2019apprendre autrement, de mieux conna\u00eetre leur histoire et leur patrimoine, tout en partageant des moments enrichissants. Parce que l\u2019\u00e9ducation, c\u2019est aussi apprendre \u00e0 travers la d\u00e9couverte ! #FondationEdmondTapsoba, #Noonglom#Education, #Patrimoine, #D\u00e9couverte.<\/p>","protected":false},"author":3,"featured_media":2230,"comment_status":"open","ping_status":"open","sticky":false,"template":"","format":"standard","meta":{"postBodyCss":"","postBodyMargin":[],"postBodyPadding":[],"postBodyBackground":{"backgroundType":"classic","gradient":""},"footnotes":""},"categories":[1],"tags":[],"class_list":["post-2224","post","type-post","status-publish","format-standard","has-post-thumbnail","hentry","category-blog","entry","has-media"],"aioseo_notices":[],"aioseo_head":"\n\t\t<!-- All in One SEO 5.0.1.1 - aioseo.com -->\n\t<meta name=\"description\" content=\"Une journ\u00e9e d\u2019apprentissage, de d\u00e9couverte et de d\u00e9tente Le samedi 22 ao\u00fbt, les b\u00e9n\u00e9ficiaires de notre projet de scolarisation, Noonglom, ont particip\u00e9 \u00e0 leur sortie annuelle \u00e9ducative et de d\u00e9couverte. Au programme : une visite de courtoisie au Moogho Naaba, la d\u00e9couverte du M\u00e9morial Thomas Sankara, puis une immersion au Mus\u00e9e national. Une belle occasion\" \/>\n\t<meta name=\"robots\" content=\"max-image-preview:large\" \/>\n\t<meta name=\"author\" content=\"Editrice\"\/>\n\t<link rel=\"canonical\" href=\"https:\/\/fondation-et12.org\/en\/une-journee-dapprentissage-de-decouverte-et-de-detente\/\" \/>\n\t<meta name=\"generator\" content=\"All in One SEO (AIOSEO) 5.0.1.1\" \/>\n\t\t<meta property=\"og:locale\" content=\"en_US\" \/>\n\t\t<meta property=\"og:site_name\" content=\"fondation-et12.org -\" \/>\n\t\t<meta property=\"og:type\" content=\"article\" \/>\n\t\t<meta property=\"og:title\" content=\"Une journ\u00e9e d\u2019apprentissage, de d\u00e9couverte et de d\u00e9tente - fondation-et12.org\" \/>\n\t\t<meta property=\"og:description\" content=\"Une journ\u00e9e d\u2019apprentissage, de d\u00e9couverte et de d\u00e9tente Le samedi 22 ao\u00fbt, les b\u00e9n\u00e9ficiaires de notre projet de scolarisation, Noonglom, ont particip\u00e9 \u00e0 leur sortie annuelle \u00e9ducative et de d\u00e9couverte. Au programme : une visite de courtoisie au Moogho Naaba, la d\u00e9couverte du M\u00e9morial Thomas Sankara, puis une immersion au Mus\u00e9e national. Une belle occasion\" \/>\n\t\t<meta property=\"og:url\" content=\"https:\/\/fondation-et12.org\/en\/une-journee-dapprentissage-de-decouverte-et-de-detente\/\" \/>\n\t\t<meta property=\"article:published_time\" content=\"2026-08-31T14:02:36+00:00\" \/>\n\t\t<meta property=\"article:modified_time\" content=\"2026-08-31T14:02:37+00:00\" \/>\n\t\t<meta name=\"twitter:card\" content=\"summary_large_image\" \/>\n\t\t<meta name=\"twitter:title\" content=\"Une journ\u00e9e d\u2019apprentissage, de d\u00e9couverte et de d\u00e9tente - fondation-et12.org\" \/>\n\t\t<meta name=\"twitter:description\" content=\"Une journ\u00e9e d\u2019apprentissage, de d\u00e9couverte et de d\u00e9tente Le samedi 22 ao\u00fbt, les b\u00e9n\u00e9ficiaires de notre projet de scolarisation, Noonglom, ont particip\u00e9 \u00e0 leur sortie annuelle \u00e9ducative et de d\u00e9couverte. Au programme : une visite de courtoisie au Moogho Naaba, la d\u00e9couverte du M\u00e9morial Thomas Sankara, puis une immersion au Mus\u00e9e national. Une belle occasion\" \/>\n\t\t<script type=\"application\/ld+json\" class=\"aioseo-schema\">\n\t\t\t{\"@context\":\"https:\\\/\\\/schema.org\",\"@graph\":[{\"@type\":\"BlogPosting\",\"@id\":\"https:\\\/\\\/fondation-et12.org\\\/en\\\/une-journee-dapprentissage-de-decouverte-et-de-detente\\\/#blogposting\",\"name\":\"Une journ\\u00e9e d\\u2019apprentissage, de d\\u00e9couverte et de d\\u00e9tente - fondation-et12.org\",\"headline\":\"Une journ\\u00e9e d\\u2019apprentissage, de d\\u00e9couverte et de d\\u00e9tente\",\"author\":{\"@id\":\"https:\\\/\\\/fondation-et12.org\\\/en\\\/author\\\/editrice\\\/#author\"},\"publisher\":{\"@id\":\"https:\\\/\\\/fondation-et12.org\\\/en\\\/#organization\"},\"image\":{\"@type\":\"ImageObject\",\"url\":\"https:\\\/\\\/fondation-et12.org\\\/wp-content\\\/uploads\\\/2026\\\/08\\\/9.jpg\",\"width\":2048,\"height\":1536},\"datePublished\":\"2026-08-31T16:02:36+02:00\",\"dateModified\":\"2026-08-31T16:02:37+02:00\",\"inLanguage\":\"en-US\",\"mainEntityOfPage\":{\"@id\":\"https:\\\/\\\/fondation-et12.org\\\/en\\\/une-journee-dapprentissage-de-decouverte-et-de-detente\\\/#webpage\"},\"isPartOf\":{\"@id\":\"https:\\\/\\\/fondation-et12.org\\\/en\\\/une-journee-dapprentissage-de-decouverte-et-de-detente\\\/#webpage\"},\"articleSection\":\"Blog\"},{\"@type\":\"BreadcrumbList\",\"@id\":\"https:\\\/\\\/fondation-et12.org\\\/en\\\/une-journee-dapprentissage-de-decouverte-et-de-detente\\\/#breadcrumblist\",\"itemListElement\":[{\"@type\":\"ListItem\",\"@id\":\"https:\\\/\\\/fondation-et12.org\\\/en#listItem\",\"position\":1,\"name\":\"Home\",\"item\":\"https:\\\/\\\/fondation-et12.org\\\/en\",\"nextItem\":{\"@type\":\"ListItem\",\"@id\":\"https:\\\/\\\/fondation-et12.org\\\/en\\\/category\\\/blog\\\/#listItem\",\"name\":\"Blog\"}},{\"@type\":\"ListItem\",\"@id\":\"https:\\\/\\\/fondation-et12.org\\\/en\\\/category\\\/blog\\\/#listItem\",\"position\":2,\"name\":\"Blog\",\"item\":\"https:\\\/\\\/fondation-et12.org\\\/en\\\/category\\\/blog\\\/\",\"nextItem\":{\"@type\":\"ListItem\",\"@id\":\"https:\\\/\\\/fondation-et12.org\\\/en\\\/une-journee-dapprentissage-de-decouverte-et-de-detente\\\/#listItem\",\"name\":\"Une journ\\u00e9e d\\u2019apprentissage, de d\\u00e9couverte et de d\\u00e9tente\"},\"previousItem\":{\"@type\":\"ListItem\",\"@id\":\"https:\\\/\\\/fondation-et12.org\\\/en#listItem\",\"name\":\"Home\"}},{\"@type\":\"ListItem\",\"@id\":\"https:\\\/\\\/fondation-et12.org\\\/en\\\/une-journee-dapprentissage-de-decouverte-et-de-detente\\\/#listItem\",\"position\":3,\"name\":\"Une journ\\u00e9e d\\u2019apprentissage, de d\\u00e9couverte et de d\\u00e9tente\",\"previousItem\":{\"@type\":\"ListItem\",\"@id\":\"https:\\\/\\\/fondation-et12.org\\\/en\\\/category\\\/blog\\\/#listItem\",\"name\":\"Blog\"}}]},{\"@type\":\"Organization\",\"@id\":\"https:\\\/\\\/fondation-et12.org\\\/en\\\/#organization\",\"name\":\"fondation-et12.org\",\"url\":\"https:\\\/\\\/fondation-et12.org\\\/en\\\/\"},{\"@type\":\"Person\",\"@id\":\"https:\\\/\\\/fondation-et12.org\\\/en\\\/author\\\/editrice\\\/#author\",\"url\":\"https:\\\/\\\/fondation-et12.org\\\/en\\\/author\\\/editrice\\\/\",\"name\":\"Editrice\",\"image\":{\"@type\":\"ImageObject\",\"@id\":\"https:\\\/\\\/fondation-et12.org\\\/en\\\/une-journee-dapprentissage-de-decouverte-et-de-detente\\\/#authorImage\",\"url\":\"https:\\\/\\\/secure.gravatar.com\\\/avatar\\\/48c3876186bc52b540e0907331994b229e92293c112d470142839424c4fbdb7b?s=96&d=mm&r=g\",\"width\":96,\"height\":96,\"caption\":\"Editrice\"}},{\"@type\":\"WebPage\",\"@id\":\"https:\\\/\\\/fondation-et12.org\\\/en\\\/une-journee-dapprentissage-de-decouverte-et-de-detente\\\/#webpage\",\"url\":\"https:\\\/\\\/fondation-et12.org\\\/en\\\/une-journee-dapprentissage-de-decouverte-et-de-detente\\\/\",\"name\":\"Une journ\\u00e9e d\\u2019apprentissage, de d\\u00e9couverte et de d\\u00e9tente - fondation-et12.org\",\"description\":\"Une journ\\u00e9e d\\u2019apprentissage, de d\\u00e9couverte et de d\\u00e9tente Le samedi 22 ao\\u00fbt, les b\\u00e9n\\u00e9ficiaires de notre projet de scolarisation, Noonglom, ont particip\\u00e9 \\u00e0 leur sortie annuelle \\u00e9ducative et de d\\u00e9couverte. Au programme : une visite de courtoisie au Moogho Naaba, la d\\u00e9couverte du M\\u00e9morial Thomas Sankara, puis une immersion au Mus\\u00e9e national. Une belle occasion\",\"inLanguage\":\"en-US\",\"isPartOf\":{\"@id\":\"https:\\\/\\\/fondation-et12.org\\\/en\\\/#website\"},\"breadcrumb\":{\"@id\":\"https:\\\/\\\/fondation-et12.org\\\/en\\\/une-journee-dapprentissage-de-decouverte-et-de-detente\\\/#breadcrumblist\"},\"author\":{\"@id\":\"https:\\\/\\\/fondation-et12.org\\\/en\\\/author\\\/editrice\\\/#author\"},\"creator\":{\"@id\":\"https:\\\/\\\/fondation-et12.org\\\/en\\\/author\\\/editrice\\\/#author\"},\"image\":{\"@type\":\"ImageObject\",\"url\":\"https:\\\/\\\/fondation-et12.org\\\/wp-content\\\/uploads\\\/2026\\\/08\\\/9.jpg\",\"@id\":\"https:\\\/\\\/fondation-et12.org\\\/en\\\/une-journee-dapprentissage-de-decouverte-et-de-detente\\\/#mainImage\",\"width\":2048,\"height\":1536},\"primaryImageOfPage\":{\"@id\":\"https:\\\/\\\/fondation-et12.org\\\/en\\\/une-journee-dapprentissage-de-decouverte-et-de-detente\\\/#mainImage\"},\"datePublished\":\"2026-08-31T16:02:36+02:00\",\"dateModified\":\"2026-08-31T16:02:37+02:00\"},{\"@type\":\"WebSite\",\"@id\":\"https:\\\/\\\/fondation-et12.org\\\/en\\\/#website\",\"url\":\"https:\\\/\\\/fondation-et12.org\\\/en\\\/\",\"name\":\"fondation-et12.org\",\"inLanguage\":\"en-US\",\"publisher\":{\"@id\":\"https:\\\/\\\/fondation-et12.org\\\/en\\\/#organization\"}}]}\n\t\t<\/script>\n\t\t<!-- All in One SEO -->\n\n","aioseo_head_json":{"title":"Une journ\u00e9e d\u2019apprentissage, de d\u00e9couverte et de d\u00e9tente - fondation-et12.org","description":"Une journ\u00e9e d\u2019apprentissage, de d\u00e9couverte et de d\u00e9tente Le samedi 22 ao\u00fbt, les b\u00e9n\u00e9ficiaires de notre projet de scolarisation, Noonglom, ont particip\u00e9 \u00e0 leur sortie annuelle \u00e9ducative et de d\u00e9couverte. Au programme : une visite de courtoisie au Moogho Naaba, la d\u00e9couverte du M\u00e9morial Thomas Sankara, puis une immersion au Mus\u00e9e national. Une belle occasion","canonical_url":"https:\/\/fondation-et12.org\/en\/une-journee-dapprentissage-de-decouverte-et-de-detente\/","robots":"max-image-preview:large","keywords":"","webmasterTools":{"miscellaneous":""},"schema":{"@context":"https:\/\/schema.org","@graph":[{"@type":"BlogPosting","@id":"https:\/\/fondation-et12.org\/en\/une-journee-dapprentissage-de-decouverte-et-de-detente\/#blogposting","name":"Une journ\u00e9e d\u2019apprentissage, de d\u00e9couverte et de d\u00e9tente - fondation-et12.org","headline":"Une journ\u00e9e d\u2019apprentissage, de d\u00e9couverte et de d\u00e9tente","author":{"@id":"https:\/\/fondation-et12.org\/en\/author\/editrice\/#author"},"publisher":{"@id":"https:\/\/fondation-et12.org\/en\/#organization"},"image":{"@type":"ImageObject","url":"https:\/\/fondation-et12.org\/wp-content\/uploads\/2026\/08\/9.jpg","width":2048,"height":1536},"datePublished":"2026-08-31T16:02:36+02:00","dateModified":"2026-08-31T16:02:37+02:00","inLanguage":"en-US","mainEntityOfPage":{"@id":"https:\/\/fondation-et12.org\/en\/une-journee-dapprentissage-de-decouverte-et-de-detente\/#webpage"},"isPartOf":{"@id":"https:\/\/fondation-et12.org\/en\/une-journee-dapprentissage-de-decouverte-et-de-detente\/#webpage"},"articleSection":"Blog"},{"@type":"BreadcrumbList","@id":"https:\/\/fondation-et12.org\/en\/une-journee-dapprentissage-de-decouverte-et-de-detente\/#breadcrumblist","itemListElement":[{"@type":"ListItem","@id":"https:\/\/fondation-et12.org\/en#listItem","position":1,"name":"Home","item":"https:\/\/fondation-et12.org\/en","nextItem":{"@type":"ListItem","@id":"https:\/\/fondation-et12.org\/en\/category\/blog\/#listItem","name":"Blog"}},{"@type":"ListItem","@id":"https:\/\/fondation-et12.org\/en\/category\/blog\/#listItem","position":2,"name":"Blog","item":"https:\/\/fondation-et12.org\/en\/category\/blog\/","nextItem":{"@type":"ListItem","@id":"https:\/\/fondation-et12.org\/en\/une-journee-dapprentissage-de-decouverte-et-de-detente\/#listItem","name":"Une journ\u00e9e d\u2019apprentissage, de d\u00e9couverte et de d\u00e9tente"},"previousItem":{"@type":"ListItem","@id":"https:\/\/fondation-et12.org\/en#listItem","name":"Home"}},{"@type":"ListItem","@id":"https:\/\/fondation-et12.org\/en\/une-journee-dapprentissage-de-decouverte-et-de-detente\/#listItem","position":3,"name":"Une journ\u00e9e d\u2019apprentissage, de d\u00e9couverte et de d\u00e9tente","previousItem":{"@type":"ListItem","@id":"https:\/\/fondation-et12.org\/en\/category\/blog\/#listItem","name":"Blog"}}]},{"@type":"Organization","@id":"https:\/\/fondation-et12.org\/en\/#organization","name":"fondation-et12.org","url":"https:\/\/fondation-et12.org\/en\/"},{"@type":"Person","@id":"https:\/\/fondation-et12.org\/en\/author\/editrice\/#author","url":"https:\/\/fondation-et12.org\/en\/author\/editrice\/","name":"Editrice","image":{"@type":"ImageObject","@id":"https:\/\/fondation-et12.org\/en\/une-journee-dapprentissage-de-decouverte-et-de-detente\/#authorImage","url":"https:\/\/secure.gravatar.com\/avatar\/48c3876186bc52b540e0907331994b229e92293c112d470142839424c4fbdb7b?s=96&d=mm&r=g","width":96,"height":96,"caption":"Editrice"}},{"@type":"WebPage","@id":"https:\/\/fondation-et12.org\/en\/une-journee-dapprentissage-de-decouverte-et-de-detente\/#webpage","url":"https:\/\/fondation-et12.org\/en\/une-journee-dapprentissage-de-decouverte-et-de-detente\/","name":"Une journ\u00e9e d\u2019apprentissage, de d\u00e9couverte et de d\u00e9tente - fondation-et12.org","description":"Une journ\u00e9e d\u2019apprentissage, de d\u00e9couverte et de d\u00e9tente Le samedi 22 ao\u00fbt, les b\u00e9n\u00e9ficiaires de notre projet de scolarisation, Noonglom, ont particip\u00e9 \u00e0 leur sortie annuelle \u00e9ducative et de d\u00e9couverte. Au programme : une visite de courtoisie au Moogho Naaba, la d\u00e9couverte du M\u00e9morial Thomas Sankara, puis une immersion au Mus\u00e9e national. Une belle occasion","inLanguage":"en-US","isPartOf":{"@id":"https:\/\/fondation-et12.org\/en\/#website"},"breadcrumb":{"@id":"https:\/\/fondation-et12.org\/en\/une-journee-dapprentissage-de-decouverte-et-de-detente\/#breadcrumblist"},"author":{"@id":"https:\/\/fondation-et12.org\/en\/author\/editrice\/#author"},"creator":{"@id":"https:\/\/fondation-et12.org\/en\/author\/editrice\/#author"},"image":{"@type":"ImageObject","url":"https:\/\/fondation-et12.org\/wp-content\/uploads\/2026\/08\/9.jpg","@id":"https:\/\/fondation-et12.org\/en\/une-journee-dapprentissage-de-decouverte-et-de-detente\/#mainImage","width":2048,"height":1536},"primaryImageOfPage":{"@id":"https:\/\/fondation-et12.org\/en\/une-journee-dapprentissage-de-decouverte-et-de-detente\/#mainImage"},"datePublished":"2026-08-31T16:02:36+02:00","dateModified":"2026-08-31T16:02:37+02:00"},{"@type":"WebSite","@id":"https:\/\/fondation-et12.org\/en\/#website","url":"https:\/\/fondation-et12.org\/en\/","name":"fondation-et12.org","inLanguage":"en-US","publisher":{"@id":"https:\/\/fondation-et12.org\/en\/#organization"}}]},"og:locale":"en_US","og:site_name":"fondation-et12.org -","og:type":"article","og:title":"Une journ\u00e9e d\u2019apprentissage, de d\u00e9couverte et de d\u00e9tente - fondation-et12.org","og:description":"Une journ\u00e9e d\u2019apprentissage, de d\u00e9couverte et de d\u00e9tente Le samedi 22 ao\u00fbt, les b\u00e9n\u00e9ficiaires de notre projet de scolarisation, Noonglom, ont particip\u00e9 \u00e0 leur sortie annuelle \u00e9ducative et de d\u00e9couverte. Au programme : une visite de courtoisie au Moogho Naaba, la d\u00e9couverte du M\u00e9morial Thomas Sankara, puis une immersion au Mus\u00e9e national. Une belle occasion","og:url":"https:\/\/fondation-et12.org\/en\/une-journee-dapprentissage-de-decouverte-et-de-detente\/","article:published_time":"2026-08-31T14:02:36+00:00","article:modified_time":"2026-08-31T14:02:37+00:00","twitter:card":"summary_large_image","twitter:title":"Une journ\u00e9e d\u2019apprentissage, de d\u00e9couverte et de d\u00e9tente - fondation-et12.org","twitter:description":"Une journ\u00e9e d\u2019apprentissage, de d\u00e9couverte et de d\u00e9tente Le samedi 22 ao\u00fbt, les b\u00e9n\u00e9ficiaires de notre projet de scolarisation, Noonglom, ont particip\u00e9 \u00e0 leur sortie annuelle \u00e9ducative et de d\u00e9couverte. Au programme : une visite de courtoisie au Moogho Naaba, la d\u00e9couverte du M\u00e9morial Thomas Sankara, puis une immersion au Mus\u00e9e national. Une belle occasion"},"aioseo_meta_data":{"post_id":"2224","title":null,"description":null,"keywords":null,"keyphrases":{"focus":{"keyphrase":"","score":0,"analysis":{"keyphraseInTitle":{"score":0,"maxScore":9,"error":1}}},"additional":[]},"primary_term":null,"canonical_url":null,"og_title":null,"og_description":null,"og_object_type":"default","og_image_type":"default","og_image_url":null,"og_image_width":null,"og_image_height":null,"og_image_custom_url":null,"og_image_custom_fields":null,"og_video":"","og_custom_url":null,"og_article_section":null,"og_article_tags":null,"twitter_use_og":false,"twitter_card":"default","twitter_image_type":"default","twitter_image_url":null,"twitter_image_custom_url":null,"twitter_image_custom_fields":null,"twitter_title":null,"twitter_description":null,"schema":{"blockGraphs":[],"customGraphs":[],"default":{"data":{"Article":[],"Course":[],"Dataset":[],"FAQPage":[],"Movie":[],"Person":[],"Product":[],"ProductReview":[],"Car":[],"Recipe":[],"Service":[],"SoftwareApplication":[],"WebPage":[]},"graphName":"BlogPosting","isEnabled":true},"graphs":[]},"schema_type":"default","schema_type_options":null,"pillar_content":false,"robots_default":true,"robots_noindex":false,"robots_noarchive":false,"robots_nosnippet":false,"robots_nofollow":false,"robots_noimageindex":false,"robots_noodp":false,"robots_notranslate":false,"robots_max_snippet":"-1","robots_max_videopreview":"-1","robots_max_imagepreview":"large","priority":null,"frequency":"default","local_seo":null,"breadcrumb_settings":null,"limit_modified_date":false,"ai":{"faqs":[],"keyPoints":[],"schemas":[],"titles":[],"descriptions":[],"socialPosts":{"email":{"subject":"","preview":"","content":""},"linkedin":[],"twitter":[],"facebook":[],"instagram":[]}},"created":"2026-08-31 14:02:37","updated":"2026-08-31 15:23:04","seo_analyzer_scan_date":null,"focus_keyword":null,"additional_keywords":null,"truseo_locale":null},"aioseo_breadcrumb":"<div class=\"aioseo-breadcrumbs\"><span class=\"aioseo-breadcrumb\">\n\t\t\t<a href=\"https:\/\/fondation-et12.org\/en\" title=\"Home\">Home<\/a>\n\t\t<\/span><span class=\"aioseo-breadcrumb-separator\">&raquo;<\/span><span class=\"aioseo-breadcrumb\">\n\t\t\t<a href=\"https:\/\/fondation-et12.org\/en\/category\/blog\/\" title=\"Blog\">Blog<\/a>\n\t\t<\/span><span class=\"aioseo-breadcrumb-separator\">&raquo;<\/span><span class=\"aioseo-breadcrumb\">\n\t\t\tUne journ\u00e9e d\u2019apprentissage, de d\u00e9couverte et de d\u00e9tente\n\t\t<\/span><\/div>","aioseo_breadcrumb_json":[{"label":"Home","link":"https:\/\/fondation-et12.org\/en"},{"label":"Blog","link":"https:\/\/fondation-et12.org\/en\/category\/blog\/"},{"label":"Une journ\u00e9e d\u2019apprentissage, de d\u00e9couverte et de d\u00e9tente","link":"https:\/\/fondation-et12.org\/en\/une-journee-dapprentissage-de-decouverte-et-de-detente\/"}],"_links":{"self":[{"href":"https:\/\/fondation-et12.org\/en\/wp-json\/wp\/v2\/posts\/2224","targetHints":{"allow":["GET"]}}],"collection":[{"href":"https:\/\/fondation-et12.org\/en\/wp-json\/wp\/v2\/posts"}],"about":[{"href":"https:\/\/fondation-et12.org\/en\/wp-json\/wp\/v2\/types\/post"}],"author":[{"embeddable":true,"href":"https:\/\/fondation-et12.org\/en\/wp-json\/wp\/v2\/users\/3"}],"replies":[{"embeddable":true,"href":"https:\/\/fondation-et12.org\/en\/wp-json\/wp\/v2\/comments?post=2224"}],"version-history":[{"count":1,"href":"https:\/\/fondation-et12.org\/en\/wp-json\/wp\/v2\/posts\/2224\/revisions"}],"predecessor-version":[{"id":2231,"href":"https:\/\/fondation-et12.org\/en\/wp-json\/wp\/v2\/posts\/2224\/revisions\/2231"}],"wp:featuredmedia":[{"embeddable":true,"href":"https:\/\/fondation-et12.org\/en\/wp-json\/wp\/v2\/media\/2230"}],"wp:attachment":[{"href":"https:\/\/fondation-et12.org\/en\/wp-json\/wp\/v2\/media?parent=2224"}],"wp:term":[{"taxonomy":"category","embeddable":true,"href":"https:\/\/fondation-et12.org\/en\/wp-json\/wp\/v2\/categories?post=2224"},{"taxonomy":"post_tag","embeddable":true,"href":"https:\/\/fondation-et12.org\/en\/wp-json\/wp\/v2\/tags?post=2224"}],"curies":[{"name":"wp","href":"https:\/\/api.w.org\/{rel}","templated":true}]}}