{"id":1647,"date":"2026-05-01T12:38:00","date_gmt":"2026-05-01T10:38:00","guid":{"rendered":"https:\/\/fondation-et12.org\/?p=1647"},"modified":"2026-05-01T12:38:01","modified_gmt":"2026-05-01T10:38:01","slug":"une-histoire-une-inspiration","status":"publish","type":"post","link":"https:\/\/fondation-et12.org\/en\/une-histoire-une-inspiration\/","title":{"rendered":"Une histoire, une inspiration!"},"content":{"rendered":"\n<p>Retour sur l\u2019avant-premi\u00e8re du documentaire r\u00e9alis\u00e9 par le <a href=\"https:\/\/www.facebook.com\/bayer04fussball?__cft__[0]=AZYU2651dNsy6_T53TfGJiAC6hEsYJewMmZ7N3BhJDjUqTHy-mPJ9kT8et3hsYCiUbr1mQP1CRidwQsULFdnZ6g8hnewnkrsVBg_gsprODN4e7l72VHrwUG8eUy-TNxG5OHsas21EgJGRPSC1UvaMhOrUhPIVDt6Aj4C3WNMz6J3isfTT3YaQ4ZP0EdsZ5aLESM6PmNeKuYz2LV5gxIRQkdI&amp;__tn__=-]K-R\">Bayer 04 Leverkusen<\/a> , retra\u00e7ant le parcours exceptionnel de notre pr\u00e9sident, <a href=\"https:\/\/www.facebook.com\/12Tapsoba?__cft__[0]=AZYU2651dNsy6_T53TfGJiAC6hEsYJewMmZ7N3BhJDjUqTHy-mPJ9kT8et3hsYCiUbr1mQP1CRidwQsULFdnZ6g8hnewnkrsVBg_gsprODN4e7l72VHrwUG8eUy-TNxG5OHsas21EgJGRPSC1UvaMhOrUhPIVDt6Aj4C3WNMz6J3isfTT3YaQ4ZP0EdsZ5aLESM6PmNeKuYz2LV5gxIRQkdI&amp;__tn__=-]K-R\">Edmond Tapsoba<\/a>.<\/p>\n\n\n\n<p>De ses d\u00e9buts modestes \u00e0 Karpala jusqu\u2019aux plus grandes sc\u00e8nes du football international, ce film met en lumi\u00e8re une trajectoire de r\u00e9silience, de travail et de d\u00e9termination.<\/p>\n\n\n\n<p>Un r\u00e9cit puissant qui inspire toute une g\u00e9n\u00e9ration \u00e0 croire en ses r\u00eaves.<\/p>\n\n\n\n<p>Restez connect\u00e9s!<\/p>\n\n\n\n<figure class=\"wp-block-embed is-type-video is-provider-youtube wp-block-embed-youtube wp-embed-aspect-16-9 wp-has-aspect-ratio\"><div class=\"wp-block-embed__wrapper\">\n<p class=\"responsive-video-wrap clr\"><iframe title=\"Une histoire, une inspiration!\" width=\"1200\" height=\"675\" src=\"https:\/\/www.youtube.com\/embed\/FH73qDkjnK4?feature=oembed\" frameborder=\"0\" allow=\"accelerometer; autoplay; clipboard-write; encrypted-media; gyroscope; picture-in-picture; web-share\" referrerpolicy=\"strict-origin-when-cross-origin\" allowfullscreen><\/iframe><\/p>\n<\/div><\/figure>\n","protected":false},"excerpt":{"rendered":"<p>Retour sur l\u2019avant-premi\u00e8re du documentaire r\u00e9alis\u00e9 par le Bayer 04 Leverkusen , retra\u00e7ant le parcours exceptionnel de notre pr\u00e9sident, Edmond Tapsoba. De ses d\u00e9buts modestes \u00e0 Karpala jusqu\u2019aux plus grandes sc\u00e8nes du football international, ce film met en lumi\u00e8re une trajectoire de r\u00e9silience, de travail et de d\u00e9termination. Un r\u00e9cit puissant qui inspire toute une g\u00e9n\u00e9ration \u00e0 croire en ses r\u00eaves. Restez connect\u00e9s!<\/p>","protected":false},"author":3,"featured_media":0,"comment_status":"open","ping_status":"open","sticky":false,"template":"","format":"standard","meta":{"postBodyCss":"","postBodyMargin":[],"postBodyPadding":[],"postBodyBackground":{"backgroundType":"classic","gradient":""},"footnotes":""},"categories":[1],"tags":[],"class_list":["post-1647","post","type-post","status-publish","format-standard","hentry","category-blog","entry"],"aioseo_notices":[],"_links":{"self":[{"href":"https:\/\/fondation-et12.org\/en\/wp-json\/wp\/v2\/posts\/1647","targetHints":{"allow":["GET"]}}],"collection":[{"href":"https:\/\/fondation-et12.org\/en\/wp-json\/wp\/v2\/posts"}],"about":[{"href":"https:\/\/fondation-et12.org\/en\/wp-json\/wp\/v2\/types\/post"}],"author":[{"embeddable":true,"href":"https:\/\/fondation-et12.org\/en\/wp-json\/wp\/v2\/users\/3"}],"replies":[{"embeddable":true,"href":"https:\/\/fondation-et12.org\/en\/wp-json\/wp\/v2\/comments?post=1647"}],"version-history":[{"count":1,"href":"https:\/\/fondation-et12.org\/en\/wp-json\/wp\/v2\/posts\/1647\/revisions"}],"predecessor-version":[{"id":1648,"href":"https:\/\/fondation-et12.org\/en\/wp-json\/wp\/v2\/posts\/1647\/revisions\/1648"}],"wp:attachment":[{"href":"https:\/\/fondation-et12.org\/en\/wp-json\/wp\/v2\/media?parent=1647"}],"wp:term":[{"taxonomy":"category","embeddable":true,"href":"https:\/\/fondation-et12.org\/en\/wp-json\/wp\/v2\/categories?post=1647"},{"taxonomy":"post_tag","embeddable":true,"href":"https:\/\/fondation-et12.org\/en\/wp-json\/wp\/v2\/tags?post=1647"}],"curies":[{"name":"wp","href":"https:\/\/api.w.org\/{rel}","templated":true}]}}