{"id":1528,"date":"2026-03-05T15:50:20","date_gmt":"2026-03-05T14:50:20","guid":{"rendered":"https:\/\/fondation-et12.org\/?p=1528"},"modified":"2026-03-05T15:50:21","modified_gmt":"2026-03-05T14:50:21","slug":"journee-de-lexcellence-a-larrondissement-11-de-ouagadougou","status":"publish","type":"post","link":"https:\/\/fondation-et12.org\/en\/journee-de-lexcellence-a-larrondissement-11-de-ouagadougou\/","title":{"rendered":"Journ\u00e9e de l\u2019excellence \u00e0 l\u2019Arrondissement 11 de Ouagadougou"},"content":{"rendered":"<p>Chaque ann\u00e9e, la mairie de l\u2019arrondissement 11 de la ville de Ouagadougou organise la Journ\u00e9e de l\u2019excellence, une c\u00e9r\u00e9monie d\u00e9di\u00e9e \u00e0 la valorisation et \u00e0 la promotion de l\u2019excellence au sein de la communaut\u00e9 \u00e9ducative, en honorant enseignants, \u00e9l\u00e8ves et structures \u00e9ducatives.<\/p>\n\n\n\n<p>Nous avons eu le plaisir de prendre part \u00e0 l\u2019\u00e9dition de cette ann\u00e9e, tenue le mardi 13 janvier 2026, aux c\u00f4t\u00e9s des acteurs engag\u00e9s pour une \u00e9ducation de qualit\u00e9.<\/p>\n\n\n\n<p>\u00c0 cette occasion, nous avons re\u00e7u une attestation de reconnaissance pour notre contribution et notre appui \u00e0 l\u2019organisation de cette c\u00e9r\u00e9monie. Nous remercions chaleureusement la mairie de l\u2019arrondissement 11 pour cette marque de confiance et r\u00e9affirmons notre engagement \u00e0 l\u2019accompagner dans ses initiatives en faveur de l\u2019excellence \u00e9ducative.<\/p>\n\n\n\n<figure class=\"wp-block-image size-large is-resized\"><img fetchpriority=\"high\" decoding=\"async\" width=\"1024\" height=\"884\" src=\"https:\/\/fondation-et12.org\/wp-content\/uploads\/2026\/03\/5-1024x884.jpg\" alt=\"\" class=\"wp-image-1529\" style=\"width:574px;height:auto\" srcset=\"https:\/\/fondation-et12.org\/wp-content\/uploads\/2026\/03\/5-1024x884.jpg 1024w, https:\/\/fondation-et12.org\/wp-content\/uploads\/2026\/03\/5-300x259.jpg 300w, https:\/\/fondation-et12.org\/wp-content\/uploads\/2026\/03\/5-768x663.jpg 768w, https:\/\/fondation-et12.org\/wp-content\/uploads\/2026\/03\/5-1536x1326.jpg 1536w, https:\/\/fondation-et12.org\/wp-content\/uploads\/2026\/03\/5-14x12.jpg 14w, https:\/\/fondation-et12.org\/wp-content\/uploads\/2026\/03\/5.jpg 2046w\" sizes=\"(max-width: 1024px) 100vw, 1024px\" \/><\/figure>\n\n\n\n<figure class=\"wp-block-image size-large is-resized\"><img decoding=\"async\" width=\"768\" height=\"1024\" src=\"https:\/\/fondation-et12.org\/wp-content\/uploads\/2026\/03\/2-768x1024.jpg\" alt=\"\" class=\"wp-image-1530\" style=\"width:565px;height:auto\" srcset=\"https:\/\/fondation-et12.org\/wp-content\/uploads\/2026\/03\/2-768x1024.jpg 768w, https:\/\/fondation-et12.org\/wp-content\/uploads\/2026\/03\/2-225x300.jpg 225w, https:\/\/fondation-et12.org\/wp-content\/uploads\/2026\/03\/2-1152x1536.jpg 1152w, https:\/\/fondation-et12.org\/wp-content\/uploads\/2026\/03\/2-9x12.jpg 9w, https:\/\/fondation-et12.org\/wp-content\/uploads\/2026\/03\/2.jpg 1536w\" sizes=\"(max-width: 768px) 100vw, 768px\" \/><\/figure>\n\n\n\n<figure class=\"wp-block-image size-large is-resized\"><img decoding=\"async\" width=\"768\" height=\"1024\" src=\"https:\/\/fondation-et12.org\/wp-content\/uploads\/2026\/03\/3-768x1024.jpg\" alt=\"\" class=\"wp-image-1531\" style=\"width:560px;height:auto\" srcset=\"https:\/\/fondation-et12.org\/wp-content\/uploads\/2026\/03\/3-768x1024.jpg 768w, https:\/\/fondation-et12.org\/wp-content\/uploads\/2026\/03\/3-225x300.jpg 225w, https:\/\/fondation-et12.org\/wp-content\/uploads\/2026\/03\/3-1152x1536.jpg 1152w, https:\/\/fondation-et12.org\/wp-content\/uploads\/2026\/03\/3-9x12.jpg 9w, https:\/\/fondation-et12.org\/wp-content\/uploads\/2026\/03\/3.jpg 1536w\" sizes=\"(max-width: 768px) 100vw, 768px\" \/><\/figure>\n\n\n\n<figure class=\"wp-block-image size-large is-resized\"><img loading=\"lazy\" decoding=\"async\" width=\"1024\" height=\"913\" src=\"https:\/\/fondation-et12.org\/wp-content\/uploads\/2026\/03\/4-1024x913.jpg\" alt=\"\" class=\"wp-image-1532\" style=\"width:565px;height:auto\" srcset=\"https:\/\/fondation-et12.org\/wp-content\/uploads\/2026\/03\/4-1024x913.jpg 1024w, https:\/\/fondation-et12.org\/wp-content\/uploads\/2026\/03\/4-300x267.jpg 300w, https:\/\/fondation-et12.org\/wp-content\/uploads\/2026\/03\/4-768x685.jpg 768w, https:\/\/fondation-et12.org\/wp-content\/uploads\/2026\/03\/4-1536x1369.jpg 1536w, https:\/\/fondation-et12.org\/wp-content\/uploads\/2026\/03\/4-13x12.jpg 13w, https:\/\/fondation-et12.org\/wp-content\/uploads\/2026\/03\/4.jpg 2046w\" sizes=\"(max-width: 1024px) 100vw, 1024px\" \/><\/figure>","protected":false},"excerpt":{"rendered":"<p>Chaque ann\u00e9e, la mairie de l\u2019arrondissement 11 de la ville de Ouagadougou organise la Journ\u00e9e de l\u2019excellence, une c\u00e9r\u00e9monie d\u00e9di\u00e9e \u00e0 la valorisation et \u00e0 la promotion de l\u2019excellence au sein de la communaut\u00e9 \u00e9ducative, en honorant enseignants, \u00e9l\u00e8ves et structures \u00e9ducatives. Nous avons eu le plaisir de prendre part \u00e0 l\u2019\u00e9dition de cette ann\u00e9e, tenue le mardi 13 janvier 2026, aux c\u00f4t\u00e9s des acteurs engag\u00e9s pour une \u00e9ducation de qualit\u00e9. \u00c0 cette occasion, nous avons re\u00e7u une attestation de reconnaissance pour notre contribution et notre appui \u00e0 l\u2019organisation de cette c\u00e9r\u00e9monie. Nous remercions chaleureusement la mairie de l\u2019arrondissement 11 pour cette marque de confiance et r\u00e9affirmons notre engagement \u00e0 l\u2019accompagner dans ses initiatives en faveur de l\u2019excellence \u00e9ducative.<\/p>","protected":false},"author":3,"featured_media":1531,"comment_status":"open","ping_status":"open","sticky":false,"template":"","format":"standard","meta":{"postBodyCss":"","postBodyMargin":[],"postBodyPadding":[],"postBodyBackground":{"backgroundType":"classic","gradient":""},"footnotes":""},"categories":[1],"tags":[],"class_list":["post-1528","post","type-post","status-publish","format-standard","has-post-thumbnail","hentry","category-blog","entry","has-media"],"aioseo_notices":[],"_links":{"self":[{"href":"https:\/\/fondation-et12.org\/en\/wp-json\/wp\/v2\/posts\/1528","targetHints":{"allow":["GET"]}}],"collection":[{"href":"https:\/\/fondation-et12.org\/en\/wp-json\/wp\/v2\/posts"}],"about":[{"href":"https:\/\/fondation-et12.org\/en\/wp-json\/wp\/v2\/types\/post"}],"author":[{"embeddable":true,"href":"https:\/\/fondation-et12.org\/en\/wp-json\/wp\/v2\/users\/3"}],"replies":[{"embeddable":true,"href":"https:\/\/fondation-et12.org\/en\/wp-json\/wp\/v2\/comments?post=1528"}],"version-history":[{"count":1,"href":"https:\/\/fondation-et12.org\/en\/wp-json\/wp\/v2\/posts\/1528\/revisions"}],"predecessor-version":[{"id":1533,"href":"https:\/\/fondation-et12.org\/en\/wp-json\/wp\/v2\/posts\/1528\/revisions\/1533"}],"wp:featuredmedia":[{"embeddable":true,"href":"https:\/\/fondation-et12.org\/en\/wp-json\/wp\/v2\/media\/1531"}],"wp:attachment":[{"href":"https:\/\/fondation-et12.org\/en\/wp-json\/wp\/v2\/media?parent=1528"}],"wp:term":[{"taxonomy":"category","embeddable":true,"href":"https:\/\/fondation-et12.org\/en\/wp-json\/wp\/v2\/categories?post=1528"},{"taxonomy":"post_tag","embeddable":true,"href":"https:\/\/fondation-et12.org\/en\/wp-json\/wp\/v2\/tags?post=1528"}],"curies":[{"name":"wp","href":"https:\/\/api.w.org\/{rel}","templated":true}]}}